{"id":28374,"date":"2024-01-20T17:30:52","date_gmt":"2024-01-20T10:30:52","guid":{"rendered":"http:\/\/xuanbichvietnam.net\/trangchu\/?p=28374"},"modified":"2024-01-20T17:30:52","modified_gmt":"2024-01-20T10:30:52","slug":"nicaragua-duc-cha-alvarez-duoc-tra-tu-do-va-bi-truc-xuat-ve-roma-cung-voi-18-nguoi-khac","status":"publish","type":"post","link":"http:\/\/xuanbichvietnam.net\/trangchu\/nicaragua-duc-cha-alvarez-duoc-tra-tu-do-va-bi-truc-xuat-ve-roma-cung-voi-18-nguoi-khac\/","title":{"rendered":"NICARAGUA: \u0110\u1ee8C CHA ALVAREZ \u0110\u01af\u1ee2C TR\u1ea2 T\u1ef0 DO V\u00c0 B\u1eca TR\u1ee4C XU\u1ea4T V\u1ec0 R\u00d4MA C\u00d9NG V\u1edaI 18 NG\u01af\u1edcI KH\u00c1C"},"content":{"rendered":"<p style=\"text-align: justify;\">\u0110\u1ee9c cha Rolando Alvarez, Gi\u00e1m m\u1ee5c gi\u00e1o ph\u1eadn Matagalpa v\u00e0 l\u00e0 nh\u00e2n v\u1eadt \u0111\u1ed1i l\u1eadp v\u1edbi ch\u1ebf \u0111\u1ed9 c\u1ee7a Daniel Ortega, \u0111\u00e3 \u0111\u01b0\u1ee3c tr\u1ea3 t\u1ef1 do v\u00e0 tr\u1ee5c xu\u1ea5t v\u1ec1 Vatican v\u00e0o Ch\u00faa nh\u1eadt ng\u00e0y 14 th\u00e1ng 1 c\u00f9ng v\u1edbi m\u1ed9t gi\u00e1m m\u1ee5c kh\u00e1c, 15 linh m\u1ee5c v\u00e0 hai ch\u1ee7ng sinh. \u0110\u00e2y l\u00e0 k\u1ebft qu\u1ea3 c\u1ee7a c\u00e1c cu\u1ed9c \u0111\u00e0m ph\u00e1n ngo\u1ea1i giao c\u1ee7a Vatican.<!--more--><\/p>\n<p style=\"text-align: justify;\"><img loading=\"lazy\" decoding=\"async\" class=\"aligncenter wp-image-20580\" src=\"http:\/\/xuanbichvietnam.net\/trangchu\/wp-content\/uploads\/2022\/08\/Alvarez2-1024x687.jpg\" alt=\"\" width=\"600\" height=\"402\" srcset=\"http:\/\/xuanbichvietnam.net\/trangchu\/wp-content\/uploads\/2022\/08\/Alvarez2-1024x687.jpg 1024w, http:\/\/xuanbichvietnam.net\/trangchu\/wp-content\/uploads\/2022\/08\/Alvarez2-300x201.jpg 300w, http:\/\/xuanbichvietnam.net\/trangchu\/wp-content\/uploads\/2022\/08\/Alvarez2-768x515.jpg 768w, http:\/\/xuanbichvietnam.net\/trangchu\/wp-content\/uploads\/2022\/08\/Alvarez2.jpg 1379w\" sizes=\"auto, (max-width: 600px) 100vw, 600px\" \/><\/p>\n<p style=\"text-align: justify;\">M\u1ed9t cu\u1ed9c \u0111\u00e0m ph\u00e1n th\u00e0nh c\u00f4ng gi\u1eefa Vatican v\u00e0 ch\u1ebf \u0111\u1ed9 c\u1ee7a Daniel Ortega. Ch\u00ednh ph\u1ee7 Nicaragua h\u00f4m Ch\u00faa nh\u1eadt 14 th\u00e1ng 1 \u0111\u00e3 c\u00f4ng b\u1ed1 vi\u1ec7c tr\u1ea3 t\u1ef1 do kh\u1ecfi nh\u00e0 t\u00f9 v\u00e0 tr\u1ee5c xu\u1ea5t \u0110\u1ee9c cha Rolando Alvarez, m\u1ed9t gi\u00e1m m\u1ee5c kh\u00e1c, 15 linh m\u1ee5c v\u00e0 2 ch\u1ee7ng sinh v\u1ec1 R\u00f4ma.<\/p>\n<p style=\"text-align: justify;\">L\u00e0 nh\u00e2n v\u1eadt c\u1ee7a Gi\u00e1o h\u1ed9i Nicaragua v\u00e0 l\u00e0 m\u1ed9t trong nh\u1eefng ti\u1ebfng n\u00f3i cu\u1ed1i c\u00f9ng ch\u1ed1ng l\u1ea1i ch\u1ebf \u0111\u1ed9 \u0111\u1ed9c t\u00e0i v\u1eabn c\u00f2n hi\u1ec7n di\u1ec7n tr\u00ean l\u00e3nh th\u1ed5, \u0110\u1ee9c cha Alvarez \u0111\u00e3 b\u1ecb qu\u1ea3n th\u00fac t\u1ea1i gia v\u00e0o th\u00e1ng 8 n\u0103m 2022. V\u00e0o th\u00e1ng 2 n\u0103m 2023, sau khi t\u1eeb ch\u1ed1i l\u00ean m\u00e1y bay t\u1edbi Hoa K\u1ef3 v\u1edbi 222 t\u00f9 nh\u00e2n ch\u00ednh tr\u1ecb, ng\u00e0i b\u1ecb k\u1ebft \u00e1n 26 n\u0103m t\u00f9. V\u00e0i th\u00e1ng sau, v\u00e0o th\u00e1ng 7\/2023, ng\u00e0i m\u1ed9t l\u1ea7n n\u1eefa t\u1eeb ch\u1ed1i kh\u1ea3 n\u0103ng l\u01b0u vong \u0111\u01b0\u1ee3c \u0111\u00e0m ph\u00e1n v\u1edbi Vatican v\u00e0 v\u00e0o th\u00e1ng 10, ng\u00e0i kh\u00f4ng ph\u1ea3i l\u00e0 m\u1ed9t trong 12 linh m\u1ee5c b\u1ecb tr\u1ee5c xu\u1ea5t v\u1ec1 R\u00f4ma sau m\u1ed9t \u201cth\u1ecfa thu\u1eadn\u201d \u0111\u01b0\u1ee3c k\u00fd k\u1ebft gi\u1eefa T\u00f2a Th\u00e1nh v\u00e0 Managua.<\/p>\n<p style=\"text-align: justify;\">Ng\u00e0y 14\/1\/2024, g\u1ea7n m\u1ed9t n\u0103m sau khi b\u1ecb k\u1ebft \u00e1n, l\u1ea7n n\u00e0y ng\u00e0i b\u1ecb tr\u1ee5c xu\u1ea5t c\u00f9ng v\u1edbi \u0110\u1ee9c cha Isidoro Mora, Gi\u00e1m m\u1ee5c gi\u00e1o ph\u1eadn Siuna, b\u1ecb b\u1eaft v\u00e0o ng\u00e0y 20 th\u00e1ng 12 n\u0103m 2022 c\u00f9ng v\u1edbi hai ch\u1ee7ng sinh sau khi y\u00eau c\u1ea7u, trong m\u1ed9t b\u00e0i gi\u1ea3ng, c\u1ea7u nguy\u1ec7n cho \u0110\u1ee9c Gi\u00e1m m\u1ee5c \u0111ang b\u1ecb giam gi\u1eef. H\u1ea7u h\u1ebft trong s\u1ed1 17 tu s\u0129 kh\u00e1c \u0111\u01b0\u1ee3c tr\u1ee5c xu\u1ea5t kh\u1ecfi n\u01b0\u1edbc \u0111\u1ec1u b\u1ecb b\u1eaft v\u00e0o ng\u00e0y 29 v\u00e0 30 th\u00e1ng 12 v\u1eeba qua.<\/p>\n<p style=\"text-align: justify;\"><strong>\u201cS\u1ef1 ph\u1ed1i h\u1ee3p r\u1ea5t t\u00f4n tr\u1ecdng v\u00e0 k\u00edn \u0111\u00e1o\u201d<\/strong><\/p>\n<p style=\"text-align: justify;\">\u201c<em>Ch\u1ebf \u0111\u1ed9 \u0111\u1ed9c t\u00e0i t\u1ed9i ph\u1ea1m Sandinista kh\u00f4ng th\u1ec3 l\u00e0m g\u00ec ch\u1ed1ng l\u1ea1i quy\u1ec1n n\u0103ng c\u1ee7a Thi\u00ean Ch\u00faa<\/em>! \u201d, \u0110\u1ee9c cha Silvio Baez, gi\u00e1m m\u1ee5c ph\u1ee5 t\u00e1 c\u1ee7a Managua v\u00e0 l\u00e0 ti\u1ebfng n\u00f3i c\u1ee7a Gi\u00e1o h\u1ed9i Nicaragua l\u01b0u vong, b\u00e0y t\u1ecf vui m\u1eebng h\u00f4m Ch\u00faa Nh\u1eadt v\u1eeba qua. Th\u00f4ng b\u00e1o tin n\u00e0y, \u0110\u1ee9c Cha, m\u1ed9t ng\u01b0\u1eddi t\u1ecb n\u1ea1n \u1edf Hoa K\u1ef3 t\u1eeb n\u0103m 2019, \u0111\u00e3 c\u1ea3m \u01a1n \u0110\u1ee9c Th\u00e1nh Cha Phanxic\u00f4 v\u00ec \u201c<em>s\u1ef1 quan t\u00e2m, g\u1ea7n g\u0169i v\u00e0 ch\u00fa \u00fd c\u1ee7a ng\u00e0i \u0111\u1ed1i v\u1edbi Nicaragua<\/em>\u201d, c\u0169ng nh\u01b0 v\u1ec1 hi\u1ec7u qu\u1ea3 c\u1ee7a ch\u00ednh s\u00e1ch ngo\u1ea1i giao c\u1ee7a Vatican, tr\u01b0\u1edbc khi kh\u00f3c v\u00ec x\u00fac \u0111\u1ed9ng.<\/p>\n<p style=\"text-align: justify;\">Do \u0111\u00f3, l\u1ea7n n\u00e0y, c\u00e1c cu\u1ed9c \u0111\u00e0m ph\u00e1n ngo\u1ea1i giao c\u1ee7a T\u00f2a th\u00e1nh \u0111\u00e3 th\u00e0nh c\u00f4ng, nh\u01b0 \u0111\u01b0\u1ee3c x\u00e1c nh\u1eadn b\u1edfi th\u00f4ng c\u00e1o b\u00e1o ch\u00ed t\u1eeb ch\u00ednh ph\u1ee7 Nicaragua c\u00f4ng b\u1ed1 h\u00f4m Ch\u00faa nh\u1eadt, v\u1edbi gi\u1ecdng \u0111i\u1ec7u r\u1ea5t nh\u00e3 nh\u1eb7n. N\u00f3 g\u1ee3i l\u00ean \u201cs\u1ef1 ph\u1ed1i h\u1ee3p r\u1ea5t t\u00f4n tr\u1ecdng v\u00e0 k\u00edn \u0111\u00e1o \u0111\u01b0\u1ee3c th\u1ef1c hi\u1ec7n \u0111\u1ec3 l\u00e0m cho kh\u1ea3 thi cu\u1ed9c h\u00e0nh tr\u00ecnh \u0111\u1ebfn Vatican\u201d c\u1ee7a c\u00e1c tu s\u0129. H\u01a1n n\u1eefa, ch\u00ednh ph\u1ee7 Sandinista hoan ngh\u00eanh \u201c<em>kh\u1ea3 n\u0103ng \u0111\u1ed1i tho\u1ea1i th\u1eb3ng th\u1eafn, tr\u1ef1c ti\u1ebfp, th\u1eadn tr\u1ecdng v\u00e0 r\u1ea5t nghi\u00eam t\u00fac<\/em>\u201d nh\u01b0ng c\u0169ng \u201c<em>c\u00f3 tr\u00e1ch nhi\u1ec7m v\u00e0 chu \u0111\u00e1o<\/em>\u201d v\u1edbi T\u00f2a Th\u00e1nh.<\/p>\n<p style=\"text-align: justify;\">C\u00f3 ph\u1ea3i Vatican \u0111\u00e3 khi\u1ebfn nh\u1eefng cu\u1ed9c \u0111\u00e0m ph\u00e1n n\u00e0y th\u00e0nh c\u00f4ng v\u1edbi c\u00e1i gi\u00e1 ph\u1ea3i tr\u1ea3 l\u00e0 c\u00f3 s\u1ef1 d\u00e8 d\u1eb7t l\u1edbn h\u01a1n \u0111\u1ed1i v\u1edbi ch\u1ebf \u0111\u1ed9 Nicaragua, nh\u01b0 m\u1ed9t s\u1ed1 nh\u00e0 quan s\u00e1t \u0111\u01b0a ra gi\u1ea3 thuy\u1ebft? D\u00f9 sao \u0111i n\u1eefa, th\u00f4ng b\u00e1o n\u00e0y \u0111\u01b0\u1ee3c \u0111\u01b0a ra hai tu\u1ea7n sau khi \u0110\u1ee9c Th\u00e1nh Cha b\u00e0y t\u1ecf, trong gi\u1edd Truy\u1ec1n tin ng\u00e0y 1 th\u00e1ng Gi\u00eang, \u201c<em>m\u1ed1i quan t\u00e2m s\u00e2u s\u1eafc<\/em>\u201d c\u1ee7a ng\u00e0i \u0111\u1ed1i v\u1edbi t\u00ecnh h\u00ecnh \u1edf Nicaragua. M\u1ed9t tu\u1ea7n sau, tr\u01b0\u1edbc \u0111o\u00e0n ngo\u1ea1i giao, ng\u00e0i c\u0169ng kh\u1eb3ng \u0111\u1ecbnh r\u1eb1ng T\u00f2a Th\u00e1nh \u201c<em>ti\u1ebfp t\u1ee5c k\u00eau g\u1ecdi<\/em>\u201d ti\u1ebfn h\u00e0nh \u201c<em>\u0111\u1ed1i tho\u1ea1i ngo\u1ea1i giao t\u00f4n tr\u1ecdng<\/em>\u201d v\u1edbi ch\u00ednh ph\u1ee7 Nicaragua.<\/p>\n<p style=\"text-align: justify;\"><strong>M\u1ed1i li\u00ean h\u1ec7 m\u1ecfng<\/strong><\/p>\n<p style=\"text-align: justify;\">Gi\u1eefa R\u00f4ma v\u00e0 Managua, c\u0103ng th\u1eb3ng ti\u1ebfp t\u1ee5c gia t\u0103ng trong nhi\u1ec1u th\u00e1ng. Vi\u1ec7c ch\u1ebf \u0111\u1ed9 tr\u1ee5c xu\u1ea5t s\u1ee9 th\u1ea7n v\u00e0o th\u00e1ng 3 n\u0103m 2022 \u0111\u00e3 t\u1ea1o ra m\u1ed9t l\u00e0n s\u00f3ng ch\u1ea5n \u0111\u1ed9ng \u1edf Vatican. V\u00e0o th\u00e1ng 3 n\u0103m 2023, trong m\u1ed9t cu\u1ed9c ph\u1ecfng v\u1ea5n v\u1edbi trang tin Infobae c\u1ee7a Argentina, \u0110\u1ee9c Th\u00e1nh Cha \u0111\u00e3 l\u00ean ti\u1ebfng m\u00f4 t\u1ea3 Nicaragua l\u00e0 m\u1ed9t \u201c<em>ch\u1ebf \u0111\u1ed9 \u0111\u1ed9c t\u00e0i th\u00f4 thi\u1ec3n<\/em>\u201d. B\u1ea3y ng\u00e0y sau, ch\u00ednh ph\u1ee7 Nicaragua ph\u1ea3n \u1ee9ng b\u1eb1ng c\u00e1ch y\u00eau c\u1ea7u \u0111\u00f3ng c\u1eeda tr\u1ee5 s\u1edf ngo\u1ea1i giao c\u1ee7a T\u00f2a th\u00e1nh \u1edf Nicaragua.<\/p>\n<p style=\"text-align: justify;\">Tuy nhi\u00ean, Vatican v\u1eabn ch\u01b0a t\u1eeb b\u1ecf vi\u1ec7c theo d\u00f5i v\u1ee5 vi\u1ec7c c\u1ee7a \u0111\u1ea5t n\u01b0\u1edbc n\u00e0y, nh\u01b0ng gi\u1edd \u0111\u00e2y Vatican th\u1ef1c hi\u1ec7n \u0111i\u1ec1u \u0111\u00f3 m\u1ed9t c\u00e1ch h\u1ebft s\u1ee9c th\u1eadn tr\u1ecdng v\u00e0 gi\u1eef s\u1ef1 im l\u1eb7ng ho\u00e0n to\u00e0n nh\u1ea5t \u0111\u1ec3 kh\u00f4ng g\u00e2y nguy hi\u1ec3m cho c\u00e1c c\u1ed9ng \u0111\u1ed3ng C\u00f4ng gi\u00e1o \u1edf \u0111\u00f3. \u0110\u1eb7c bi\u1ec7t nh\u01b0 tr\u01b0\u1eddng h\u1ee3p khi ch\u1ebf \u0111\u1ed9 Ortega t\u1ecbch thu t\u00e0i s\u1ea3n c\u1ee7a \u0110\u1ea1i h\u1ecdc D\u00f2ng T\u00ean Trung M\u1ef9 danh ti\u1ebfng v\u00e0o th\u00e1ng 8 n\u0103m ngo\u00e1i. S\u1ef1 im l\u1eb7ng \u0111\u01b0\u1ee3c ch\u00ednh \u0110\u1ee9c Gi\u00e1o ho\u00e0ng gi\u1eef, do \u0111\u00f3 \u0111\u00e3 thu h\u00fat nhi\u1ec1u l\u1eddi ch\u1ec9 tr\u00edch t\u1eeb m\u1ed9t s\u1ed1 th\u1ee7 t\u01b0\u1edbng ph\u01b0\u01a1ng T\u00e2y, n\u01a1i ng\u01b0\u1eddi ta cho r\u1eb1ng ng\u00e0i n\u00ean th\u1eb3ng th\u1eafn t\u1ed1 c\u00e1o c\u00e1c cu\u1ed9c \u0111\u00e0n \u00e1p \u1ea3nh h\u01b0\u1edfng \u0111\u1ebfn ng\u01b0\u1eddi C\u00f4ng gi\u00e1o trong n\u01b0\u1edbc.<\/p>\n<p style=\"text-align: justify;\">M\u1ed9t ngu\u1ed3n tin c\u1ee7a Vatican cho bi\u1ebft, m\u1ed1i li\u00ean h\u1ec7 gi\u1eefa R\u00f4ma v\u00e0 Managua \u2013 \u201cgi\u1ed1ng nh\u01b0 m\u1ed9t s\u1ee3i d\u00e2y r\u1ea5t m\u1ecfng\u201d, hi\u1ec7n \u0111\u01b0\u1ee3c th\u1ef1c hi\u1ec7n t\u1eeb Costa Rica, n\u01b0\u1edbc l\u00e1ng gi\u1ec1ng Nicaragua, n\u01a1i nh\u00e0 ngo\u1ea1i giao Vatican duy nh\u1ea5t c\u00f2n t\u1ea1i ch\u1ee9c t\u1ea1i Managua \u0111\u00e3 \u0111\u1ecbnh c\u01b0 v\u00e0o th\u00e1ng 3 n\u0103m 2023. Ch\u00ednh nh\u1edd \u0111i\u1ec1u n\u00e0y, d\u1ef1a v\u00e0o c\u00e1c m\u1ed1i li\u00ean h\u1ec7 \u0111\u1ecba ph\u01b0\u01a1ng c\u00f3 m\u1eb7t \u1edf Nicaragua, Vatican m\u1edbi duy tr\u00ec \u0111\u01b0\u1ee3c nh\u1eefng m\u1ed1i li\u00ean h\u1ec7 m\u1ecfng v\u1edbi ch\u1ebf \u0111\u1ed9.<\/p>\n<p style=\"text-align: justify;\"><em>T\u00fd Linh<\/em><\/p>\n<p style=\"text-align: justify;\"><em>(theo <\/em><em>Marguerite de Lasa v\u00e0 Loup Besmond de Senneville, nh\u1eadt b\u00e1o <a href=\"https:\/\/www.la-croix.com\/religion\/nicaragua-l-eveque-rolando-alvarez-libere-et-expulse-vers-rome-avec-dix-huit-autres-religieux-20240115\" target=\"_blank\" rel=\"noopener noreferrer\">La Croix<\/a>)<\/em><\/p>\n","protected":false},"excerpt":{"rendered":"<div class=\"mh-excerpt\"><p>\u0110\u1ee9c cha Rolando Alvarez, Gi\u00e1m m\u1ee5c gi\u00e1o ph\u1eadn Matagalpa v\u00e0 l\u00e0 nh\u00e2n v\u1eadt \u0111\u1ed1i l\u1eadp v\u1edbi ch\u1ebf \u0111\u1ed9 c\u1ee7a Daniel Ortega, \u0111\u00e3 \u0111\u01b0\u1ee3c tr\u1ea3 t\u1ef1 <a class=\"mh-excerpt-more\" href=\"http:\/\/xuanbichvietnam.net\/trangchu\/nicaragua-duc-cha-alvarez-duoc-tra-tu-do-va-bi-truc-xuat-ve-roma-cung-voi-18-nguoi-khac\/\" title=\"NICARAGUA: \u0110\u1ee8C CHA ALVAREZ \u0110\u01af\u1ee2C TR\u1ea2 T\u1ef0 DO V\u00c0 B\u1eca TR\u1ee4C XU\u1ea4T V\u1ec0 R\u00d4MA C\u00d9NG V\u1edaI 18 NG\u01af\u1edcI KH\u00c1C\">[&#8230;]<\/a><\/p>\n<\/div>","protected":false},"author":1,"featured_media":20581,"comment_status":"closed","ping_status":"open","sticky":false,"template":"","format":"standard","meta":{"ngg_post_thumbnail":0,"footnotes":""},"categories":[8,48],"tags":[84,137,141],"class_list":["post-28374","post","type-post","status-publish","format-standard","has-post-thumbnail","hentry","category-the-gioi","category-ty-linh","tag-giao-hoi-nha-nuoc","tag-phanxico-i","tag-tu-do-ton-giao"],"_links":{"self":[{"href":"http:\/\/xuanbichvietnam.net\/trangchu\/wp-json\/wp\/v2\/posts\/28374","targetHints":{"allow":["GET"]}}],"collection":[{"href":"http:\/\/xuanbichvietnam.net\/trangchu\/wp-json\/wp\/v2\/posts"}],"about":[{"href":"http:\/\/xuanbichvietnam.net\/trangchu\/wp-json\/wp\/v2\/types\/post"}],"author":[{"embeddable":true,"href":"http:\/\/xuanbichvietnam.net\/trangchu\/wp-json\/wp\/v2\/users\/1"}],"replies":[{"embeddable":true,"href":"http:\/\/xuanbichvietnam.net\/trangchu\/wp-json\/wp\/v2\/comments?post=28374"}],"version-history":[{"count":1,"href":"http:\/\/xuanbichvietnam.net\/trangchu\/wp-json\/wp\/v2\/posts\/28374\/revisions"}],"predecessor-version":[{"id":28375,"href":"http:\/\/xuanbichvietnam.net\/trangchu\/wp-json\/wp\/v2\/posts\/28374\/revisions\/28375"}],"wp:featuredmedia":[{"embeddable":true,"href":"http:\/\/xuanbichvietnam.net\/trangchu\/wp-json\/wp\/v2\/media\/20581"}],"wp:attachment":[{"href":"http:\/\/xuanbichvietnam.net\/trangchu\/wp-json\/wp\/v2\/media?parent=28374"}],"wp:term":[{"taxonomy":"category","embeddable":true,"href":"http:\/\/xuanbichvietnam.net\/trangchu\/wp-json\/wp\/v2\/categories?post=28374"},{"taxonomy":"post_tag","embeddable":true,"href":"http:\/\/xuanbichvietnam.net\/trangchu\/wp-json\/wp\/v2\/tags?post=28374"}],"curies":[{"name":"wp","href":"https:\/\/api.w.org\/{rel}","templated":true}]}}