{"id":30411,"date":"2024-06-02T11:46:22","date_gmt":"2024-06-02T04:46:22","guid":{"rendered":"http:\/\/xuanbichvietnam.net\/trangchu\/?p=30411"},"modified":"2024-06-02T09:58:13","modified_gmt":"2024-06-02T02:58:13","slug":"duc-phanxico-se-chuan-bi-mot-tong-huan-ve-thanh-tam-chua-giesu","status":"publish","type":"post","link":"https:\/\/xuanbichvietnam.net\/trangchu\/duc-phanxico-se-chuan-bi-mot-tong-huan-ve-thanh-tam-chua-giesu\/","title":{"rendered":"\u0110\u1ee8C PHANXIC\u00d4 S\u1ebc CHU\u1ea8N B\u1eca M\u1ed8T T\u00d4NG HU\u1ea4N V\u1ec0 TH\u00c1NH T\u00c2M CH\u00daA GI\u00caSU"},"content":{"rendered":"<p style=\"text-align: justify;\">\u0110\u1ee9c Phanxic\u00f4 s\u1ebd c\u00f4ng b\u1ed1 m\u1ed9t t\u00f4ng hu\u1ea5n v\u1ec1 Th\u00e1nh T\u00e2m Ch\u00faa Gi\u00easu v\u00e0o th\u00e1ng Ch\u00edn, ch\u1ee7 t\u1ecbch H\u1ed9i \u0111\u1ed3ng Gi\u00e1m m\u1ee5c T\u00e2y Ban Nha (CEE), \u0110\u1ee9c cha Luis Arg\u00fcello, cho bi\u1ebft v\u00e0o ng\u00e0y 31 th\u00e1ng 5 n\u0103m 2024, sau cu\u1ed9c ti\u1ebfp ki\u1ebfn \u200b\u200bv\u1edbi \u0110\u1ee9c Th\u00e1nh Cha t\u1ea1i Vatican.<!--more--><\/p>\n<p style=\"text-align: justify;\"><img loading=\"lazy\" decoding=\"async\" class=\"aligncenter wp-image-30412\" src=\"http:\/\/xuanbichvietnam.net\/trangchu\/wp-content\/uploads\/2024\/06\/coeur.jpg\" alt=\"\" width=\"400\" height=\"495\" srcset=\"https:\/\/xuanbichvietnam.net\/trangchu\/wp-content\/uploads\/2024\/06\/coeur.jpg 414w, https:\/\/xuanbichvietnam.net\/trangchu\/wp-content\/uploads\/2024\/06\/coeur-243x300.jpg 243w\" sizes=\"auto, (max-width: 400px) 100vw, 400px\" \/><\/p>\n<p style=\"text-align: justify;\">\u0110\u1ee9c Th\u00e1nh Cha Phanxic\u00f4 s\u1ebd c\u00f4ng b\u1ed1 T\u00f4ng hu\u1ea5n v\u1ec1 Th\u00e1nh T\u00e2m Ch\u00faa Gi\u00easu v\u00e0o th\u00e1ng Ch\u00edn. Th\u00f4ng b\u00e1o n\u00e0y \u0111\u01b0\u1ee3c \u0111\u01b0a ra trong m\u1ed9t cu\u1ed9c h\u1ecdp b\u00e1o do \u0110\u1ee9c cha Arg\u00fcello t\u1ed5 ch\u1ee9c t\u1ea1i Qu\u1ea3ng tr\u01b0\u1eddng Th\u00e1nh Ph\u00ear\u00f4. \u0110\u1ee9c cha Arg\u00fcello, c\u00f9ng v\u1edbi \u0110\u1ee9c H\u1ed3ng y Jos\u00e9 Cobo Cano, ph\u00f3 ch\u1ee7 t\u1ecbch CEE v\u00e0 l\u00e0 T\u1ed5ng Gi\u00e1m m\u1ee5c Madrid, v\u00e0 th\u01b0 k\u00fd \u0110\u1ee9c cha Francisco C\u00e9sar Garcia Magan, \u0111\u00e3 k\u1ebft th\u00fac cu\u1ed9c h\u1ed9i ki\u1ebfn \u200b\u200bk\u00e9o d\u00e0i 40 ph\u00fat v\u1edbi \u0110\u1ee9c Th\u00e1nh Cha v\u00e0o ng\u00e0y 31 th\u00e1ng N\u0103m. Cu\u1ed9c g\u1eb7p g\u1ee1 n\u00e0y nh\u1eb1m tr\u00ecnh b\u00e0y \u0111\u01b0\u1eddng h\u01b0\u1edbng m\u1edbi c\u1ee7a H\u1ed9i \u0111\u1ed3ng Gi\u00e1m m\u1ee5c T\u00e2y Ban Nha, \u0111\u01b0\u1ee3c \u0111\u1ed5i m\u1edbi v\u00e0o th\u00e1ng Ba v\u1eeba qua. \u201cNg\u00e0i \u0111\u00e3 n\u00f3i r\u1eb1ng ng\u00e0i s\u1ebd c\u00f4ng b\u1ed1 m\u1ed9t t\u00f4ng hu\u1ea5n v\u1ec1 Th\u00e1nh T\u00e2m Ch\u00faa Gi\u00easu v\u00e0o th\u00e1ng Ch\u00edn\u201d, \u0110\u1ee9c T\u1ed5ng Gi\u00e1m m\u1ee5c T\u00e2y Ban Nha kh\u1eb3ng \u0111\u1ecbnh m\u00e0 kh\u00f4ng b\u1ed5 sung th\u00eam chi ti\u1ebft v\u1ec1 b\u1ea3n ch\u1ea5t c\u1ee7a v\u0103n b\u1ea3n n\u00e0y.<\/p>\n<p style=\"text-align: justify;\">\u0110\u00e2y s\u1ebd l\u00e0 T\u00f4ng hu\u1ea5n th\u1ee9 t\u00e1m c\u1ee7a \u0110\u1ee9c Th\u00e1nh Cha Phanxic\u00f4, sau T\u00f4ng hu\u1ea5n <em>C\u2019est la confiance<\/em> (2023), <em>Laudate Deum<\/em> (2023), <em>Querida Amazonia<\/em> (2020), <em>Christus vivit<\/em> (2019), <em>Gaudete et exsultate<\/em> (2018), <em>Amoris laetitia<\/em> (2016) v\u00e0 <em>Evangelii gaudium<\/em> (2013). Th\u00e1nh T\u00e2m Ch\u00faa Gi\u00easu th\u01b0\u1eddng \u0111\u01b0\u1ee3c mi\u00eau t\u1ea3 l\u00e0 m\u1ed9t tr\u00e1i tim ch\u1ea3y m\u00e1u n\u1ed3ng ch\u00e1y, \u0111\u00f4i khi v\u1edbi m\u00e3o gai v\u00e0 m\u1ed9t c\u00e2y th\u00e1nh gi\u00e1 nh\u1ecf, t\u01b0\u1ee3ng tr\u01b0ng cho hy t\u1ebf c\u1ee7a Ch\u00faa Kit\u00f4. S\u1ef1 t\u00f4n s\u00f9ng bi\u1ec3u t\u01b0\u1ee3ng n\u00e0y xu\u1ea5t hi\u1ec7n t\u1eeb th\u1eddi Trung C\u1ed5 v\u00e0 \u0111\u01b0\u1ee3c ph\u1ed5 bi\u1ebfn v\u00e0o th\u1ebf k\u1ef7 XVII b\u1edfi th\u00e1nh Jean Eudes, ng\u01b0\u1eddi Ph\u00e1p, sau \u0111\u00f3 l\u00e0 Th\u00e1nh Marguerite-Marie Alacoque (sau cu\u1ed9c hi\u1ec7n ra c\u1ee7a Ch\u00faa \u1edf Paray-le-Monial). L\u1ec5 Tr\u1ecdng Th\u00e1nh T\u00e2m Ch\u00faa Gi\u00easu \u0111\u01b0\u1ee3c \u0110\u1ee9c Clement XIII thi\u1ebft l\u1eadp v\u00e0o n\u0103m 1765, sau \u0111\u00f3 \u0111\u01b0\u1ee3c \u0110\u1ee9c Pi\u00f4 IX m\u1edf r\u1ed9ng \u0111\u1ebfn Gi\u00e1o h\u1ed9i ho\u00e0n v\u0169 v\u00e0o n\u0103m 1856. L\u1ec5 n\u00e0y \u0111\u01b0\u1ee3c c\u1eed h\u00e0nh v\u00e0o Th\u1ee9 S\u00e1u th\u1ee9 ba sau L\u1ec5 Hi\u1ec7n Xu\u1ed1ng \u2013 n\u0103m nay nh\u1eb1m ng\u00e0y 7 th\u00e1ng S\u00e1u.<\/p>\n<p style=\"text-align: justify;\">\u0110\u1ee9c Th\u00e1nh Cha Phanxic\u00f4 hi\u1ebfm khi \u0111\u1ec1 c\u1eadp \u0111\u1ebfn l\u00f2ng s\u00f9ng k\u00ednh ph\u1ed5 bi\u1ebfn n\u00e0y k\u1ec3 t\u1eeb khi b\u1eaft \u0111\u1ea7u tri\u1ec1u \u0111\u1ea1i gi\u00e1o ho\u00e0ng c\u1ee7a ng\u00e0i, ngo\u1ea1i tr\u1eeb trong m\u1ed9t b\u00e0i suy ni\u1ec7m trong bu\u1ed5i \u0111\u1ecdc <a href=\"https:\/\/www.vatican.va\/content\/francesco\/fr\/angelus\/2013\/documents\/papa-francesco_angelus_20130609.html\" target=\"_blank\" rel=\"noopener noreferrer\">Kinh Truy\u1ec1n Tin<\/a> v\u00e0i tu\u1ea7n sau khi ng\u00e0i \u0111\u01b0\u1ee3c b\u1ea7u v\u00e0o n\u0103m 2013. L\u00fac \u0111\u00f3, ng\u00e0i m\u00f4 t\u1ea3 Th\u00e1nh T\u00e2m Ch\u00faa Gi\u00easu l\u00e0 \u201c<em>bi\u1ec3u t\u01b0\u1ee3ng tuy\u1ec7t v\u1eddi c\u1ee7a l\u00f2ng th\u01b0\u01a1ng x\u00f3t c\u1ee7a Thi\u00ean Ch\u00faa<\/em>\u201d. Ng\u00e0i kh\u1eb3ng \u0111\u1ecbnh th\u00eam: \u201c<em>\u0110\u00f3 kh\u00f4ng ph\u1ea3i l\u00e0 m\u1ed9t bi\u1ec3u t\u01b0\u1ee3ng t\u01b0\u1edfng t\u01b0\u1ee3ng, n\u00f3 l\u00e0 m\u1ed9t bi\u1ec3u t\u01b0\u1ee3ng th\u1ef1c s\u1ef1, bi\u1ec3u hi\u1ec7n trung t\u00e2m, ngu\u1ed3n su\u1ed1i c\u1ee7a \u01a1n c\u1ee9u r\u1ed7i c\u1ee7a to\u00e0n th\u1ec3 nh\u00e2n lo\u1ea1i<\/em>\u201d.<\/p>\n<p style=\"text-align: justify;\">Trong bu\u1ed5i ti\u1ebfp ki\u1ebfn h\u00f4m 4\/5\/2024 d\u00e0nh cho c\u00e1c tham d\u1ef1 vi\u00ean h\u1ed9i ngh\u1ecb v\u1ec1 \u0110\u1ec1n T\u1ea1 nh\u00e2n k\u1ef7 ni\u1ec7m 350 n\u0103m Ch\u00faa Gi\u00easu hi\u1ec7n ra cho th\u00e1nh n\u1eef Marguerite-Marie Alacoque, \u0110\u1ee9c Th\u00e1nh Cha m\u1eddi g\u1ecdi \u00ab&nbsp;<em>\u0111\u1ed5i m\u1edbi v\u00e0 \u0111\u00e0o s\u00e2u \u00fd<\/em> <em>ngh\u0129a c\u1ee7a vi\u1ec7c th\u1ef1c h\u00e0nh t\u1ed1t \u0111\u1eb9p n\u00e0y l\u00e0 \u0111\u1ec1n t\u1ea1 Th\u00e1nh T\u00e2m Ch\u00faa Gi\u00easu, m\u1ed9t th\u1ef1c h\u00e0nh m\u00e0 ng\u00e0y nay c\u00f3 th\u1ec3 h\u01a1i b\u1ecb l\u00e3ng qu\u00ean ho\u1eb7c b\u1ecb \u0111\u00e1nh gi\u00e1 sai l\u00e0 l\u1ed7i th\u1eddi. Mong sao c\u00f4ng vi\u1ec7c n\u00e0y c\u0169ng tham gia v\u00e0o vi\u1ec7c \u0111\u00e1nh gi\u00e1 \u0111\u00fang v\u1ecb tr\u00ed \u0111\u00fang \u0111\u1eafn c\u1ee7a n\u00f3 trong ti\u1ebfn tr\u00ecnh s\u00e1m h\u1ed1i c\u1ee7a m\u1ecdi ng\u01b0\u1eddi \u0111\u00e3 \u0111\u01b0\u1ee3c r\u1eeda t\u1ed9i trong Gi\u00e1o h\u1ed9i\u201d.<\/em><\/p>\n<p style=\"text-align: justify;\">T\u00fd Linh<\/p>\n<p style=\"text-align: justify;\">(theo <a href=\"https:\/\/fr.aleteia.org\/2024\/06\/01\/le-pape-francois-preparerait-une-exhortation-apostolique-sur-le-sacre-coeur-de-jesus\/\" target=\"_blank\" rel=\"noopener noreferrer\">Aleteia<\/a> v\u00e0 <a href=\"http:\/\/xuanbichvietnam.net\/trangchu\/doi-voi-duc-thanh-cha-viec-den-ta-kito-giao-phai-cham-den-trai-tim-cua-nguoi-bi-xuc-pham\/\" target=\"_blank\" rel=\"noopener noreferrer\">Vatican News<\/a>)<\/p>\n","protected":false},"excerpt":{"rendered":"<div class=\"mh-excerpt\"><p>\u0110\u1ee9c Phanxic\u00f4 s\u1ebd c\u00f4ng b\u1ed1 m\u1ed9t t\u00f4ng hu\u1ea5n v\u1ec1 Th\u00e1nh T\u00e2m Ch\u00faa Gi\u00easu v\u00e0o th\u00e1ng Ch\u00edn, ch\u1ee7 t\u1ecbch H\u1ed9i \u0111\u1ed3ng Gi\u00e1m m\u1ee5c T\u00e2y Ban Nha <a class=\"mh-excerpt-more\" href=\"https:\/\/xuanbichvietnam.net\/trangchu\/duc-phanxico-se-chuan-bi-mot-tong-huan-ve-thanh-tam-chua-giesu\/\" title=\"\u0110\u1ee8C PHANXIC\u00d4 S\u1ebc CHU\u1ea8N B\u1eca M\u1ed8T T\u00d4NG HU\u1ea4N V\u1ec0 TH\u00c1NH T\u00c2M CH\u00daA GI\u00caSU\">[&#8230;]<\/a><\/p>\n<\/div>","protected":false},"author":1,"featured_media":20755,"comment_status":"closed","ping_status":"open","sticky":false,"template":"","format":"standard","meta":{"ngg_post_thumbnail":0,"footnotes":""},"categories":[33,8,48],"tags":[137],"class_list":["post-30411","post","type-post","status-publish","format-standard","has-post-thumbnail","hentry","category-tam-linh","category-the-gioi","category-ty-linh","tag-phanxico-i"],"_links":{"self":[{"href":"https:\/\/xuanbichvietnam.net\/trangchu\/wp-json\/wp\/v2\/posts\/30411","targetHints":{"allow":["GET"]}}],"collection":[{"href":"https:\/\/xuanbichvietnam.net\/trangchu\/wp-json\/wp\/v2\/posts"}],"about":[{"href":"https:\/\/xuanbichvietnam.net\/trangchu\/wp-json\/wp\/v2\/types\/post"}],"author":[{"embeddable":true,"href":"https:\/\/xuanbichvietnam.net\/trangchu\/wp-json\/wp\/v2\/users\/1"}],"replies":[{"embeddable":true,"href":"https:\/\/xuanbichvietnam.net\/trangchu\/wp-json\/wp\/v2\/comments?post=30411"}],"version-history":[{"count":1,"href":"https:\/\/xuanbichvietnam.net\/trangchu\/wp-json\/wp\/v2\/posts\/30411\/revisions"}],"predecessor-version":[{"id":30413,"href":"https:\/\/xuanbichvietnam.net\/trangchu\/wp-json\/wp\/v2\/posts\/30411\/revisions\/30413"}],"wp:featuredmedia":[{"embeddable":true,"href":"https:\/\/xuanbichvietnam.net\/trangchu\/wp-json\/wp\/v2\/media\/20755"}],"wp:attachment":[{"href":"https:\/\/xuanbichvietnam.net\/trangchu\/wp-json\/wp\/v2\/media?parent=30411"}],"wp:term":[{"taxonomy":"category","embeddable":true,"href":"https:\/\/xuanbichvietnam.net\/trangchu\/wp-json\/wp\/v2\/categories?post=30411"},{"taxonomy":"post_tag","embeddable":true,"href":"https:\/\/xuanbichvietnam.net\/trangchu\/wp-json\/wp\/v2\/tags?post=30411"}],"curies":[{"name":"wp","href":"https:\/\/api.w.org\/{rel}","templated":true}]}}